{"id":482,"date":"2013-08-22T10:14:12","date_gmt":"2013-08-22T13:14:12","guid":{"rendered":"http:\/\/www.encontrasaude.com.br\/noticias\/?p=482"},"modified":"2013-08-22T10:15:43","modified_gmt":"2013-08-22T13:15:43","slug":"saude-biblioteca-amadeu-amaral-recebe-projeto-a-hora-e-a-vez-do-vestibular","status":"publish","type":"post","link":"https:\/\/www.encontrasaude.com.br\/noticias\/saude-biblioteca-amadeu-amaral-recebe-projeto-a-hora-e-a-vez-do-vestibular\/","title":{"rendered":"Sa\u00fade: Biblioteca Amadeu Amaral recebe projeto A Hora e a Vez do Vestibular"},"content":{"rendered":"<p><span style=\"font-size: small;\">Em seu 7\u00ba ano o projeto A Hora e a Vez do Vestibular abre as portas das Bibliotecas P\u00fablicas para os interessados em analisar e discutir junto a professores de literatura as nove obras que s\u00e3o exigidas nos principais vestibulares de S\u00e3o Paulo.<\/span><\/p>\n<p>Acontecem tamb\u00e9m, durante o m\u00eas de agosto, as palestras das &#8220;Veredas do Vestibular&#8221;.<\/p>\n<p>&nbsp;<\/p>\n<p><strong>Programa\u00e7\u00e3o:<br \/>\nO que:<\/strong> Projeto A Hora e a Vez do Vestibular &#8211; Mem\u00f3rias p\u00f3stumas de Br\u00e1s Cubas \u2013 Machado de Assis <strong><br \/>\nLocal:<\/strong> Biblioteca Amadeu Amaral &#8211;<br \/>\n<strong>Quando:<\/strong> Dia 29 de agosto \u00e0s 15h<br \/>\nProfessor Andr\u00e9 Renato Oliveira Silva<\/p>\n<p><strong>Saiba mais:<\/strong><br \/>\n<strong>Endere\u00e7o:<\/strong> Rua Jos\u00e9 Clovis de Castro, s\/n esquina com Av. do Cursino, altura do n. 1100 &#8211; Jardim da Sa\u00fade<br \/>\n<strong>Tel:<\/strong> 11 5061-3320<br \/>\n<strong>Hor\u00e1rio:<\/strong> 2\u00aa a 6\u00aa feira das 9h \u00e0s 18h e s\u00e1bado das 9h \u00e0s 16h<br \/>\n<strong>Coordenadora:<\/strong> Helena Rodrigues da Silva<\/p>\n","protected":false},"excerpt":{"rendered":"<p>Em seu 7\u00ba ano o projeto A Hora e a Vez do Vestibular abre as portas das Bibliotecas P\u00fablicas para os interessados em analisar e discutir junto a professores de literatura as nove obras que s\u00e3o exigidas nos principais vestibulares de S\u00e3o Paulo. Acontecem tamb\u00e9m, durante o m\u00eas de agosto, as palestras das &#8220;Veredas do [&hellip;]<\/p>\n","protected":false},"author":1,"featured_media":0,"comment_status":"open","ping_status":"open","sticky":false,"template":"","format":"standard","meta":[],"categories":[6],"tags":[],"_links":{"self":[{"href":"https:\/\/www.encontrasaude.com.br\/noticias\/wp-json\/wp\/v2\/posts\/482"}],"collection":[{"href":"https:\/\/www.encontrasaude.com.br\/noticias\/wp-json\/wp\/v2\/posts"}],"about":[{"href":"https:\/\/www.encontrasaude.com.br\/noticias\/wp-json\/wp\/v2\/types\/post"}],"author":[{"embeddable":true,"href":"https:\/\/www.encontrasaude.com.br\/noticias\/wp-json\/wp\/v2\/users\/1"}],"replies":[{"embeddable":true,"href":"https:\/\/www.encontrasaude.com.br\/noticias\/wp-json\/wp\/v2\/comments?post=482"}],"version-history":[{"count":0,"href":"https:\/\/www.encontrasaude.com.br\/noticias\/wp-json\/wp\/v2\/posts\/482\/revisions"}],"wp:attachment":[{"href":"https:\/\/www.encontrasaude.com.br\/noticias\/wp-json\/wp\/v2\/media?parent=482"}],"wp:term":[{"taxonomy":"category","embeddable":true,"href":"https:\/\/www.encontrasaude.com.br\/noticias\/wp-json\/wp\/v2\/categories?post=482"},{"taxonomy":"post_tag","embeddable":true,"href":"https:\/\/www.encontrasaude.com.br\/noticias\/wp-json\/wp\/v2\/tags?post=482"}],"curies":[{"name":"wp","href":"https:\/\/api.w.org\/{rel}","templated":true}]}}